{"id":104065,"date":"2021-02-23T09:32:23","date_gmt":"2021-02-23T08:32:23","guid":{"rendered":"https:\/\/www.slatina.hr\/portal\/?p=104065"},"modified":"2021-02-23T09:32:23","modified_gmt":"2021-02-23T08:32:23","slug":"druga-donacija-zastitne-opreme-grada-slatine-projektu-slatino-zazeli","status":"publish","type":"post","link":"https:\/\/www.slatina.hr\/portal\/druga-donacija-zastitne-opreme-grada-slatine-projektu-slatino-zazeli\/","title":{"rendered":"Druga donacija za\u0161titne opreme Grada Slatine projektu \u201eSlatino, za\u017eeli!\u201c"},"content":{"rendered":"<p>U sklopu projekta \u201eSlatino, za\u017eeli!\u201c Grad Slatina je u suradnji sa Sto\u017eerom civilne za\u0161tite Grada Slatine po drugi puta nabavio za\u0161titnu opremu, odnosno maske i rukavice koje su neophodne u radu zaposlenim gerontodoma\u0107icama, budu\u0107i da su u redovitom kontaktu sa svojim korisnicima.<\/p>\n<p>&#8211; Ova donacija najmanje je \u0161to mo\u017eemo u\u010diniti kako bi u ovim te\u0161kim vremenima korona krize \u0161to bolje za\u0161titili zaposlene \u017eene, a osobito korisnike koji spadaju u najranjiviju skupinu dru\u0161tva kada je rije\u010d o pandemiji Covid-19, &#8211; rekao je slatinski gradona\u010delnik Denis Ostro\u0161i\u0107.<\/p>\n<p>Epidemiolo\u0161ke mjere su jo\u0161 uvijek na snazi, stoga je voditeljica projekta Marija Fumi\u0107 prilikom predaje spomenute za\u0161titne opreme gerontodoma\u0107icama, jo\u0161 jednom istaknula upute Zavoda za javno zdravstvo \u201eSveti Rok\u201c Viroviti\u010dko-podravske \u017eupanije o radu sa starijim osobama.<\/p>\n<p>&#8211; Kori\u0161tenjem za\u0161titne opreme i pridr\u017eavanjem socijalne distance prilikom rada sa svojim korisnicima zaposlenice ne\u0107e ugro\u017eavati ni njihovo, ali ni vlastito zdravlje, &#8211; rekla je Marija Fumi\u0107 te dodala kako je ova donacija Grada Slatine svakako dobrodo\u0161la i bit \u0107e korisna u daljnjem nastavku provedbe projekta.<\/p>\n<p>Isto tako izrazila je zahvalu Gradu Slatini i gradona\u010delniku Denisu Ostro\u0161i\u0107u, te na\u010delniku Sto\u017eera civilne za\u0161tite Grada Slatine Bojanu Plantaku na izuzetnoj suradnji u sklopu projekta \u201eSlatino, za\u017eeli!\u201c, te prepoznatoj va\u017enosti za skrb o starijem stanovni\u0161tvu.<br \/>\n(www.radioslatina.hr)<\/p>\n<p><img loading=\"lazy\" decoding=\"async\" class=\"alignnone size-full wp-image-104066\" src=\"https:\/\/www.slatina.hr\/portal\/wp-content\/uploads\/2021\/02\/lenta-projekta-EU.png\" alt=\"\" width=\"4482\" height=\"1170\" srcset=\"https:\/\/www.slatina.hr\/portal\/wp-content\/uploads\/2021\/02\/lenta-projekta-EU.png 4482w, https:\/\/www.slatina.hr\/portal\/wp-content\/uploads\/2021\/02\/lenta-projekta-EU-768x200.png 768w, https:\/\/www.slatina.hr\/portal\/wp-content\/uploads\/2021\/02\/lenta-projekta-EU-1536x401.png 1536w, https:\/\/www.slatina.hr\/portal\/wp-content\/uploads\/2021\/02\/lenta-projekta-EU-2048x535.png 2048w, https:\/\/www.slatina.hr\/portal\/wp-content\/uploads\/2021\/02\/lenta-projekta-EU-260x68.png 260w, https:\/\/www.slatina.hr\/portal\/wp-content\/uploads\/2021\/02\/lenta-projekta-EU-50x13.png 50w, https:\/\/www.slatina.hr\/portal\/wp-content\/uploads\/2021\/02\/lenta-projekta-EU-150x39.png 150w, https:\/\/www.slatina.hr\/portal\/wp-content\/uploads\/2021\/02\/lenta-projekta-EU-620x162.png 620w\" sizes=\"auto, (max-width:767px) 480px, (max-width:4482px) 100vw, 4482px\" \/><\/p>\n","protected":false},"excerpt":{"rendered":"<p>U sklopu projekta \u201eSlatino, za\u017eeli!\u201c Grad Slatina je u suradnji sa Sto\u017eerom civilne za\u0161tite Grada Slatine po drugi puta nabavio za\u0161titnu opremu, odnosno maske i<span class=\"excerpt-hellip\"> [\u2026]<\/span><\/p>\n","protected":false},"author":5,"featured_media":104067,"comment_status":"closed","ping_status":"closed","sticky":false,"template":"","format":"standard","meta":{"ngg_post_thumbnail":0,"footnotes":""},"categories":[136,137],"tags":[],"class_list":["post-104065","post","type-post","status-publish","format-standard","has-post-thumbnail","hentry","category-grad-slatina","category-naslovnica"],"_links":{"self":[{"href":"https:\/\/www.slatina.hr\/portal\/wp-json\/wp\/v2\/posts\/104065","targetHints":{"allow":["GET"]}}],"collection":[{"href":"https:\/\/www.slatina.hr\/portal\/wp-json\/wp\/v2\/posts"}],"about":[{"href":"https:\/\/www.slatina.hr\/portal\/wp-json\/wp\/v2\/types\/post"}],"author":[{"embeddable":true,"href":"https:\/\/www.slatina.hr\/portal\/wp-json\/wp\/v2\/users\/5"}],"replies":[{"embeddable":true,"href":"https:\/\/www.slatina.hr\/portal\/wp-json\/wp\/v2\/comments?post=104065"}],"version-history":[{"count":1,"href":"https:\/\/www.slatina.hr\/portal\/wp-json\/wp\/v2\/posts\/104065\/revisions"}],"predecessor-version":[{"id":104068,"href":"https:\/\/www.slatina.hr\/portal\/wp-json\/wp\/v2\/posts\/104065\/revisions\/104068"}],"wp:featuredmedia":[{"embeddable":true,"href":"https:\/\/www.slatina.hr\/portal\/wp-json\/wp\/v2\/media\/104067"}],"wp:attachment":[{"href":"https:\/\/www.slatina.hr\/portal\/wp-json\/wp\/v2\/media?parent=104065"}],"wp:term":[{"taxonomy":"category","embeddable":true,"href":"https:\/\/www.slatina.hr\/portal\/wp-json\/wp\/v2\/categories?post=104065"},{"taxonomy":"post_tag","embeddable":true,"href":"https:\/\/www.slatina.hr\/portal\/wp-json\/wp\/v2\/tags?post=104065"}],"curies":[{"name":"wp","href":"https:\/\/api.w.org\/{rel}","templated":true}]}}