{"id":103723,"date":"2021-02-15T10:10:09","date_gmt":"2021-02-15T09:10:09","guid":{"rendered":"https:\/\/www.slatina.hr\/portal\/?p=103723"},"modified":"2021-02-15T10:10:09","modified_gmt":"2021-02-15T09:10:09","slug":"rekonstrukcija-drustvenog-doma-u-radosavcima-napreduje-predvidenom-dinamikom","status":"publish","type":"post","link":"https:\/\/www.slatina.hr\/portal\/rekonstrukcija-drustvenog-doma-u-radosavcima-napreduje-predvidenom-dinamikom\/","title":{"rendered":"\u201eRekonstrukcija dru\u0161tvenog doma u Radosavcima\u201c napreduje predvi\u0111enom dinamikom"},"content":{"rendered":"<p>Krajem prosinca pro\u0161le godine Ugovor o javnoj nabavi radova za rekonstrukciju dru\u0161tvenog doma u Radosavcima vrijedan 868.410,94 kn potpisali su gradona\u010delnik Grada Slatine Denis Ostro\u0161i\u0107 i vlasnik Gra\u0111evnog obrta Bili\u0107 iz Slatine Ivo Bili\u0107, a ovih su dana u nazo\u010dnosti pro\u010delnika Upravnog odjela za razvoj grada Marina Kokori\u0107a obi\u0161li gradili\u0161te.<\/p>\n<p>Izvo\u0111enje radova predvi\u0111eno je u razdoblju od 12 mjeseci te su zahvaljuju\u0107i relativno blagoj zimi, izuzev ovih nekoliko dana u minusu, zapo\u010deli punim intenzitetom.<\/p>\n<p>Radovi obuhva\u0107aju ugradnju toplinski izolirane fasade, zamjenu vanjske stolarije, izolaciju stropa prema negrijanom prostoru, spu\u0161tanje stropova, elektroinstalacije, vodovodne instalacije i odvodnju, instalacije grijanja, ure\u0111enje sanitarnog \u010dvora, postavljanje podova u svim prostorijama, te ure\u0111enje okoli\u0161a &#8211; rekla nam je voditeljica gradili\u0161ta \u017deljka Ru\u0161anac.<\/p>\n<p>Gradona\u010delnik Ostro\u0161i\u0107 izrazio je zadovoljstvo zapo\u010detim radovima na Dru\u0161tvenom domu u Radosavcima ukupne povr\u0161ine 139 m2 koji \u0107e nakon ure\u0111enja dvorane s pozornicom, ureda s \u010dajnom kuhinjom, sanitarnog \u010dvora i spremi\u0161ta omogu\u0107iti mje\u0161tanima ponovna okupljanja i razne dru\u0161tvene aktivnosti koje u ovom dotrajalom zdanju ve\u0107 dugi niz godina nisu mogli.&nbsp;<\/p>\n<p>&#8211; Ure\u0111enje ovoga doma nastavak je napora Grada Slatine da se urede dru\u0161tveni domovi u svim mjesnim odborima, kako u gradu Slatini tako i u prigradskim naseljima, kako bi bili od koristi svim korisnicima kojima \u0107e se na taj na\u010din, ne samo obogatiti dru\u0161tveni \u017eivot, ve\u0107 \u0107e im se osigurati adekvatan prostor za razne aktivnosti i obilje\u017eavanje prigodnih sve\u010danosti, &#8211; istaknuo je gradona\u010delnik.<\/p>\n<p>Ovaj projekt se financira iz Programa ruralnog razvoja RH, za provedbu operacije 7.4.1 \u201eUlaganja u pokretanje, pobolj\u0161anje ili pro\u0161irenje lokalnih temeljnih usluga za ruralno stanovni\u0161tvo, uklju\u010duju\u0107i slobodno vrijeme i kulturne aktivnosti te povezanu infrastrukturu\u201c, koja se provodi putem Lokalne razvojne strategije LAG-a Marinianis, unutar Podmjere 19.2. \u201eProvedba operacija unutar CLLD strategije\u201c.<br \/>\nUgovorom o financiranju, zaklju\u010denim 15. svibnja 2020. godine izme\u0111u Agencije za pla\u0107anja u poljoprivredi, ribarstvu i ruralnom razvoju i Grada Slatine, osigurana su sredstva potpore u iznosu od 727.285,94 kn, a udio u potpori iznosi: 90 % EU i 10 % RH.<br \/>\nProjektant je tvrtka Arhis, vl. Snje\u017eane Stipe\u010d, dok je za Nadzor zadu\u017een nadzorni in\u017eenjer Matej Peretin iz tvrtke Bombus.<br \/>\n(www.radioslatina.hr)<\/p>\n<p>&nbsp; &nbsp; &nbsp; &nbsp; &nbsp; &nbsp; &nbsp; &nbsp; &nbsp; &nbsp; &nbsp; &nbsp; &nbsp; &nbsp; &nbsp; &nbsp; &nbsp; &nbsp; &nbsp; &nbsp; &nbsp; &nbsp; &nbsp; &nbsp; &nbsp; &nbsp; &nbsp; &nbsp; &nbsp; &nbsp; &nbsp; &nbsp; &nbsp; &nbsp; &nbsp; &nbsp; &nbsp; &nbsp; &nbsp; &nbsp; &nbsp; &nbsp; &nbsp; &nbsp; &nbsp; &nbsp; &nbsp; &nbsp; &nbsp; <img loading=\"lazy\" decoding=\"async\" class=\"alignnone size-full wp-image-103724\" src=\"https:\/\/www.slatina.hr\/portal\/wp-content\/uploads\/2021\/02\/Hrvatska-zastava.png\" alt=\"\" width=\"101\" height=\"62\" srcset=\"https:\/\/www.slatina.hr\/portal\/wp-content\/uploads\/2021\/02\/Hrvatska-zastava.png 101w, https:\/\/www.slatina.hr\/portal\/wp-content\/uploads\/2021\/02\/Hrvatska-zastava-50x31.png 50w\" sizes=\"auto, (max-width:767px) 101px, 101px\" \/>&nbsp; &nbsp; &nbsp; &nbsp; &nbsp; &nbsp; &nbsp; &nbsp; &nbsp; &nbsp; &nbsp; &nbsp; &nbsp; &nbsp; &nbsp; &nbsp; &nbsp; &nbsp; &nbsp; &nbsp; &nbsp; &nbsp; &nbsp; &nbsp; &nbsp; &nbsp; <img loading=\"lazy\" decoding=\"async\" class=\"alignnone size-full wp-image-103725\" src=\"https:\/\/www.slatina.hr\/portal\/wp-content\/uploads\/2021\/02\/EU-zastava.png\" alt=\"\" width=\"92\" height=\"62\" srcset=\"https:\/\/www.slatina.hr\/portal\/wp-content\/uploads\/2021\/02\/EU-zastava.png 92w, https:\/\/www.slatina.hr\/portal\/wp-content\/uploads\/2021\/02\/EU-zastava-50x34.png 50w\" sizes=\"auto, (max-width:767px) 92px, 92px\" \/><\/p>\n<p style=\"text-align: center;\">&nbsp;&nbsp;&nbsp;&nbsp;&nbsp;&nbsp;&nbsp;&nbsp;&nbsp;&nbsp;&nbsp;&nbsp;&nbsp;&nbsp;&nbsp;&nbsp;&nbsp;&nbsp;&nbsp;&nbsp; \u201eEuropski poljoprivredni fond za ruralni razvoj:<\/p>\n<p style=\"text-align: center;\">&nbsp;&nbsp;&nbsp;&nbsp;&nbsp;&nbsp;&nbsp;&nbsp;&nbsp;&nbsp;&nbsp;&nbsp;&nbsp;&nbsp;&nbsp;&nbsp;&nbsp;&nbsp;&nbsp;&nbsp;&nbsp;&nbsp;&nbsp;&nbsp;&nbsp;&nbsp;&nbsp;&nbsp;&nbsp;&nbsp;&nbsp; Europa ula\u017ee u ruralna podru\u010dja\u201c<\/p>\nngg_shortcode_0_placeholder\n<p style=\"text-align: center;\">&nbsp;<\/p>\nngg_shortcode_1_placeholder\n","protected":false},"excerpt":{"rendered":"<p>Krajem prosinca pro\u0161le godine Ugovor o javnoj nabavi radova za rekonstrukciju dru\u0161tvenog doma u Radosavcima vrijedan 868.410,94 kn potpisali su gradona\u010delnik Grada Slatine Denis Ostro\u0161i\u0107<span class=\"excerpt-hellip\"> [\u2026]<\/span><\/p>\n","protected":false},"author":5,"featured_media":103751,"comment_status":"closed","ping_status":"closed","sticky":false,"template":"","format":"standard","meta":{"ngg_post_thumbnail":0,"footnotes":""},"categories":[136,137,211],"tags":[],"class_list":["post-103723","post","type-post","status-publish","format-standard","has-post-thumbnail","hentry","category-grad-slatina","category-naslovnica","category-projekt-dom-radosavci"],"_links":{"self":[{"href":"https:\/\/www.slatina.hr\/portal\/wp-json\/wp\/v2\/posts\/103723","targetHints":{"allow":["GET"]}}],"collection":[{"href":"https:\/\/www.slatina.hr\/portal\/wp-json\/wp\/v2\/posts"}],"about":[{"href":"https:\/\/www.slatina.hr\/portal\/wp-json\/wp\/v2\/types\/post"}],"author":[{"embeddable":true,"href":"https:\/\/www.slatina.hr\/portal\/wp-json\/wp\/v2\/users\/5"}],"replies":[{"embeddable":true,"href":"https:\/\/www.slatina.hr\/portal\/wp-json\/wp\/v2\/comments?post=103723"}],"version-history":[{"count":1,"href":"https:\/\/www.slatina.hr\/portal\/wp-json\/wp\/v2\/posts\/103723\/revisions"}],"predecessor-version":[{"id":103752,"href":"https:\/\/www.slatina.hr\/portal\/wp-json\/wp\/v2\/posts\/103723\/revisions\/103752"}],"wp:featuredmedia":[{"embeddable":true,"href":"https:\/\/www.slatina.hr\/portal\/wp-json\/wp\/v2\/media\/103751"}],"wp:attachment":[{"href":"https:\/\/www.slatina.hr\/portal\/wp-json\/wp\/v2\/media?parent=103723"}],"wp:term":[{"taxonomy":"category","embeddable":true,"href":"https:\/\/www.slatina.hr\/portal\/wp-json\/wp\/v2\/categories?post=103723"},{"taxonomy":"post_tag","embeddable":true,"href":"https:\/\/www.slatina.hr\/portal\/wp-json\/wp\/v2\/tags?post=103723"}],"curies":[{"name":"wp","href":"https:\/\/api.w.org\/{rel}","templated":true}]}}