{"id":103612,"date":"2021-01-29T14:55:40","date_gmt":"2021-01-29T13:55:40","guid":{"rendered":"https:\/\/www.slatina.hr\/portal\/?p=103612"},"modified":"2021-01-29T14:55:40","modified_gmt":"2021-01-29T13:55:40","slug":"glasnici-istine-i-ultramaratonac-goran-draksler-rezimirali-losu-2020-i-najavili-aktivnosti-u-2021-godini","status":"publish","type":"post","link":"https:\/\/www.slatina.hr\/portal\/glasnici-istine-i-ultramaratonac-goran-draksler-rezimirali-losu-2020-i-najavili-aktivnosti-u-2021-godini\/","title":{"rendered":"\u201eGlasnici istine\u201c i ultramaratonac Goran Draksler rezimirali lo\u0161u 2020. i najavili aktivnosti u 2021. godini"},"content":{"rendered":"<p>Gradona\u010delnik grada Slatine Denis Ostro\u0161i\u0107 i pro\u010delnik Stru\u010dne slu\u017ebe Krunoslav \u0160arabok ugostili su danas predsjednika Udruge maratonaca Viroviti\u010dko-podravske \u017eupanije \u201eGlasnici istine\u201c Pavu Tutenova u pratnji \u010dlana iste, ultramaratonca Gorana Drakslera i predsjednika Odbora za hrvatske branitelje grada Slatine Ilije Nikoli\u0107a.<\/p>\n<p>Tom je prigodom predsjednik spomenute udruge Pavo Tutenov iznio kratki rezime rada u 2020. godini koju je ocijenio izrazito lo\u0161om zbog koronavirusa koji je poremetio gotovo sve planirane aktivnosti.<\/p>\n<p><img loading=\"lazy\" decoding=\"async\" class=\"wp-image-202141 alignleft\" src=\"https:\/\/www.radioslatina.hr\/wp-content\/uploads\/2021\/01\/IMG_2928_1024x683.jpg\" sizes=\"auto, (max-width: 300px) 100vw, 300px\" srcset=\"https:\/\/www.radioslatina.hr\/wp-content\/uploads\/2021\/01\/IMG_2928_1024x683.jpg 1024w, https:\/\/www.radioslatina.hr\/wp-content\/uploads\/2021\/01\/IMG_2928_1024x683-768x512.jpg 768w\" alt=\"\" width=\"300\" height=\"200\">\u2013 Nikada te\u017eu godinu nismo pre\u017eivjeli, no unato\u010d pandemiji Glasnici istine nisu odustali te su izme\u0111u ostaloga zabilje\u017eili 15 memorijalnih utrka kojima su odali po\u010dast svojim suborcima, poginulim hrvatskim braniteljima, te svim \u017ertvama Domovinskog rata koje se nikada ne smiju zaboraviti, \u2013 istaknuo je Tutenov zahvaliv\u0161i se gradona\u010delniku na velikoj podr\u0161ci Grada Slatine koji redovito prati rad \u201eGlasnika istine\u201c me\u0111u kojima su tri \u010dlana ujedno i \u010dlanovi biciklisti\u010dke ekipe VP\u017d pod nazivom \u201eVBR\u201c koja je kroz svoje aktivnosti tako\u0111er veliki promotor grada Slatine i Viroviti\u010dko-podravske \u017eupanije.<\/p>\n<p>Pored sudjelovanja na mnogobrojnim memorijalnim utrkama diljem Hrvatske \u010dlanovi udruge sudjeluju i na raznim sportskim natjecanjima gdje posti\u017eu odli\u010dne rezultate, a me\u0111u njima je najaktivniji Goran Draksler koji je osim s dosada\u0161njim uspjesima gradona\u010delnika upoznao i s planovima za ovu godinu koju planira obilje\u017eiti s dva izuzetno jaka sportska doga\u0111aja u Hrvatskoj i inozemstvu.<\/p>\n<p>Uz brojne druge uspjehe 2020. godinu definitivno mu je obilje\u017eio ultramaraton Zagreb \u2013 Vukovar, tim vi\u0161e \u0161to je prvi Slatin\u010danin kojemu je uspjelo istr\u010dati ovako te\u0161ku i zahtjevnu utrku, odnosno 350 km kroz 5 dana \u201epakla\u201c, kako je rekao.<br \/>\n\u2013 Da bi bio spreman za takvo ne\u0161to mora\u0161 imati na tisu\u0107e kilometara u nogama, \u2013 dodao je, a on ih je svakako nanizao.<br \/>\nDo sada ima zabilje\u017eeno 190 istr\u010danih memorijalni trka, 123 natjecateljska polumaratona, 18 maratona, 6 super<img loading=\"lazy\" decoding=\"async\" class=\"wp-image-202142 alignright\" src=\"https:\/\/www.radioslatina.hr\/wp-content\/uploads\/2021\/01\/IMG_2931_1024x683.jpg\" sizes=\"auto, (max-width: 300px) 100vw, 300px\" srcset=\"https:\/\/www.radioslatina.hr\/wp-content\/uploads\/2021\/01\/IMG_2931_1024x683.jpg 1024w, https:\/\/www.radioslatina.hr\/wp-content\/uploads\/2021\/01\/IMG_2931_1024x683-768x512.jpg 768w\" alt=\"\" width=\"300\" height=\"199\">&nbsp;maratona Zagreb-\u010cazma 62 km, zatim 6 utrka na 100 km, jedno svjetsko prvenstvo na 100 i 3 hrvatska prvenstva na 100 km. Nadalje, zabilje\u017eio je u svoju trka\u010dku karijeru jednu utrku na prvenstvu Hrvatske na 50 km, memorijalni maraton Slatina-Vukovar 138 km, istr\u010dao je i utrku od 24 sata na stadionu u Slatini, a ima oko 150 utrka ispod 21 km, te je 3 puta pretr\u010dao Viroviti\u010dko-podravsku \u017eupaniju u du\u017eini od 84 km.<\/p>\n<p>Prvi od ciljeva zacrtanih za ovu godinu je sudjelovanje na 4. Polojskoj ultri u Slavonskom Brodu, odnosno Prvenstvu Hrvatske na 100 km koje je najavljeno za 6. o\u017eujka, a potom od 14.-16. svibnja na 15. ultramaratonu u Ma\u0111arskoj imena \u201eNN Ultrabalaton 2021.\u201c<\/p>\n<p>Osim zahtjevne staze u du\u017eini od 221 km oko jezera Balaton, te\u017eina ove utrke ovisit \u0107e znatno i o vremenskim uvjetima gdje visoke temperature, s ve\u0107im dionicama bez hlada, mogu itekako praviti probleme trka\u010dima, a tu je naravno i limit od 32 sata.<br \/>\nKako bi bio maksimalno spreman, od Nove godine posvetio se samo toj utrci, te je zapo\u010deo s intenzivnim pripremama gdje je do sada u ovih 29 dana istr\u010dao 666 km treninga, no cilj mu je do Ultrabalotana istr\u010dati oko 2500 km ukoliko ne bude nekih mehani\u010dkih ozljeda \u010dega se najvi\u0161e boji.<\/p>\n<p>\u2013 Budu\u0107i da su mi se i godine ve\u0107 nanizale te\u0161ko se mogu mjeriti s \u201edjecom\u201c, odnosno mladim trka\u010dima kao i s profesionalcima koji su svoj \u017eivot posvetili tr\u010danju, jer uz posao moram sam sebi takore\u0107i \u201eukrasti\u201c vrijeme za treninge \u0161to je uz obveze u svakodnevnom \u017eivotu te\u0161ko uskladiti. Stoga mi je cilj uop\u0107e zavr\u0161iti ovu utrku i to u zadanom limitu \u0161to je prema statistikama te\u0161ko ostvarivi cilj ve\u0107ini natjecatelja o \u010demu svjedo\u010di podatak da od 200-tinjak prijavljenih natjecatelja iz cijelog svijeta ovaj ultramaraton zavr\u0161i svega 34 do 70 trka\u010da, a do sada ga je istr\u010dalo samo 5 ili 6 Hrvata.<br \/>\nGlava mora biti jaka, a uz pomo\u0107 svog tima, potporu Grada Slatine, te savjeta i prenesenih iskustava po\u010dasnog \u010dlana Glasnika istine, Zagrep\u010danina Du\u0161ka \u0160trbca koji je u ovoj utrci nastupio 2019. te odustao na 127 km, vjerujem da mogu ostvariti svoj cilj, \u2013 ispri\u010dao nam je Goran Draksler kojemu \u0107e u Ma\u0111arskoj logisti\u010dka pratnja i moralna potpora biti predsjednik \u201eGlasnika istine\u201c Pavo Tutenov, \u0161to pretr\u010danim kilometrima, \u0161to vo\u017enjom na biciklu, te Obrt za rehabilitacijske usluge Osmijeh, odnosno fizioterapeutkinja Tina Je\u0111ud koja \u0107e mu kao i nebrojeno puta do sada masa\u017eom i saniranjem eventualnih ozljeda biti dodatni oslonac ka ostvarivanju cilja.<\/p>\n<p>\u010cestitke na svim dosada\u0161njim uspjesima Draksleru je uputio gradona\u010delnik Ostro\u0161i\u0107 uz zahvalu \u0161to je ve\u0107 dugi niz jedan od velikih promotora grada Slatine.<\/p>\n<p><img loading=\"lazy\" decoding=\"async\" class=\"wp-image-202143 alignleft\" src=\"https:\/\/www.radioslatina.hr\/wp-content\/uploads\/2021\/01\/IMG_2933_1024x683.jpg\" sizes=\"auto, (max-width: 300px) 100vw, 300px\" srcset=\"https:\/\/www.radioslatina.hr\/wp-content\/uploads\/2021\/01\/IMG_2933_1024x683.jpg 1024w, https:\/\/www.radioslatina.hr\/wp-content\/uploads\/2021\/01\/IMG_2933_1024x683-768x512.jpg 768w\" alt=\"\" width=\"300\" height=\"200\">\u2013 Grad Slatina ima tri brenda, od kojih svoju posebnu pri\u010du imaju Kelemen i pjenu\u0161ac, dok slatinski sport iznova stvara nove pri\u010de, a me\u0111u njima je i Va\u0161a. Rezultati su ti koji svjedo\u010de o kvaliteti slatinskog sporta i Grad Slatina \u0107e uvijek stajati iza svojih sporta\u0161a, te im biti \u201evjetar u le\u0111a\u201c na ljestvici njihovog uspjeha. Sklapanjem prijateljstava diljem Hrvatske, pa i \u0161ire, sporta\u0161i na neki na\u010din preta\u010du svoja prijateljstva u Slatinu koja tako postaje jo\u0161 bogatiji grad izvrsnih ljudi, \u2013 rekao je gradona\u010delnik Ostro\u0161i\u0107 istaknuv\u0161i kako \u0107e Grad Slatina i ovom prilikom osigurati punu potporu Drakslerovom timu koji \u0107e se tako lak\u0161e mo\u0107i usredoto\u010diti na tehni\u010dke pripreme kako bi \u0161to spremniji predstavljali boje Grada Slatine u Ma\u0111arskoj.<\/p>\n<p>Na kraju sastanka Draksler se zahvalio gradona\u010delniku na punoj podr\u0161ci Grada Slatine, kao i \u201eGlasnicima istine\u201c, te ZUi\u010c HVIDR-a VP\u017d i HVIDR-i Slatina koji su tako\u0111er uvijek uz njega. Rije\u010di hvale uputio je i svom timu koji \u0107e mu pomo\u0107i ostvariti i ovaj pothvat, te Radio Slatini koji \u0107e mu uz medijsko pokroviteljstvo biti i sponzor odlaska na ULTRABALATON 2021.<br \/>\n(www.radioslatina.hr)<\/p>\nngg_shortcode_0_placeholder\n","protected":false},"excerpt":{"rendered":"<p>Gradona\u010delnik grada Slatine Denis Ostro\u0161i\u0107 i pro\u010delnik Stru\u010dne slu\u017ebe Krunoslav \u0160arabok ugostili su danas predsjednika Udruge maratonaca Viroviti\u010dko-podravske \u017eupanije \u201eGlasnici istine\u201c Pavu Tutenova u pratnji<span class=\"excerpt-hellip\"> [\u2026]<\/span><\/p>\n","protected":false},"author":5,"featured_media":103618,"comment_status":"closed","ping_status":"closed","sticky":false,"template":"","format":"standard","meta":{"ngg_post_thumbnail":0,"footnotes":""},"categories":[136,137,139],"tags":[],"class_list":["post-103612","post","type-post","status-publish","format-standard","has-post-thumbnail","hentry","category-grad-slatina","category-naslovnica","category-sport-kultura-i-udruge"],"_links":{"self":[{"href":"https:\/\/www.slatina.hr\/portal\/wp-json\/wp\/v2\/posts\/103612","targetHints":{"allow":["GET"]}}],"collection":[{"href":"https:\/\/www.slatina.hr\/portal\/wp-json\/wp\/v2\/posts"}],"about":[{"href":"https:\/\/www.slatina.hr\/portal\/wp-json\/wp\/v2\/types\/post"}],"author":[{"embeddable":true,"href":"https:\/\/www.slatina.hr\/portal\/wp-json\/wp\/v2\/users\/5"}],"replies":[{"embeddable":true,"href":"https:\/\/www.slatina.hr\/portal\/wp-json\/wp\/v2\/comments?post=103612"}],"version-history":[{"count":1,"href":"https:\/\/www.slatina.hr\/portal\/wp-json\/wp\/v2\/posts\/103612\/revisions"}],"predecessor-version":[{"id":103619,"href":"https:\/\/www.slatina.hr\/portal\/wp-json\/wp\/v2\/posts\/103612\/revisions\/103619"}],"wp:featuredmedia":[{"embeddable":true,"href":"https:\/\/www.slatina.hr\/portal\/wp-json\/wp\/v2\/media\/103618"}],"wp:attachment":[{"href":"https:\/\/www.slatina.hr\/portal\/wp-json\/wp\/v2\/media?parent=103612"}],"wp:term":[{"taxonomy":"category","embeddable":true,"href":"https:\/\/www.slatina.hr\/portal\/wp-json\/wp\/v2\/categories?post=103612"},{"taxonomy":"post_tag","embeddable":true,"href":"https:\/\/www.slatina.hr\/portal\/wp-json\/wp\/v2\/tags?post=103612"}],"curies":[{"name":"wp","href":"https:\/\/api.w.org\/{rel}","templated":true}]}}