{"id":103579,"date":"2021-01-27T08:36:32","date_gmt":"2021-01-27T07:36:32","guid":{"rendered":"https:\/\/www.slatina.hr\/portal\/?p=103579"},"modified":"2021-01-27T08:36:32","modified_gmt":"2021-01-27T07:36:32","slug":"gradskim-celnicima-predstavljen-akcijski-plan-energetski-i-klimatski-odrzivog-razvoja-grada-slatine","status":"publish","type":"post","link":"https:\/\/www.slatina.hr\/portal\/gradskim-celnicima-predstavljen-akcijski-plan-energetski-i-klimatski-odrzivog-razvoja-grada-slatine\/","title":{"rendered":"Gradskim \u010delnicima predstavljen Akcijski plan energetski i klimatski odr\u017eivog razvoja Grada Slatine"},"content":{"rendered":"<p>U prostorijama Gradske uprave ju\u010der je predstavljen Akcijski plan energetski i klimatski odr\u017eivog razvoja Grada Slatine (SECAP).<\/p>\n<p>Akcijski plan su predstavili predstavnici Regionalne energetske agencije Sjever, Jurica i Zvonimir Perko, a predstavljanju su uz gradona\u010delnika Grada Slatine Denisa Ostro\u0161i\u0107a i pro\u010delnika Upravnog odjela za razvoj grada Marina Kokori\u0107a nazo\u010dili i djelatnici Gradske uprave te predstavnici gradskih institucija.<\/p>\n<p>Izrada Akcijskog plana bila je prvi korak nakon potpisivanja Sporazuma gradona\u010delnika za klimu i energiju, koji je slatinski gradona\u010delnik potpisao 15. srpnja 2020. godine. Sporazum predstavlja najve\u0107i svjetski pokret gradova usmjeren na lokalne aktivnosti koje utje\u010du na klimu i energiju, a pokrenut je 2008. godine u Europi.<\/p>\n<p>Akcijski plan energetski i klimatski odr\u017eivog razvoja Grada Slatine predstavlja plan kojim Grad Slatina do 2030. godine \u017eeli smanjiti emisiju CO2 za minimalno 55,80%, potro\u0161nju energije za minimalno 55,88%, te stvoriti klimatski otporniji grad. U planu su tako\u0111er predstavljene i razra\u0111ene konkretne mjere kojima se mogu ostvariti zadani ciljevi.<\/p>\n<p>Slijede\u0107i korak je podizanje Akcijskog plana na Savjetovanje s javno\u0161\u0107u u sklopu slu\u017ebene web stranice Grada Slatine kako bi svi gra\u0111ani i gradske institucije mogli sudjelovati sa svojim komentarima, idejama i\/ili eventualnim primjedbama.<br \/>\n(www.radioslatina.hr)<\/p>\nngg_shortcode_0_placeholder\n","protected":false},"excerpt":{"rendered":"<p>U prostorijama Gradske uprave ju\u010der je predstavljen Akcijski plan energetski i klimatski odr\u017eivog razvoja Grada Slatine (SECAP). Akcijski plan su predstavili predstavnici Regionalne energetske agencije<span class=\"excerpt-hellip\"> [\u2026]<\/span><\/p>\n","protected":false},"author":5,"featured_media":103587,"comment_status":"closed","ping_status":"closed","sticky":false,"template":"","format":"standard","meta":{"ngg_post_thumbnail":0,"footnotes":""},"categories":[136,137],"tags":[],"class_list":["post-103579","post","type-post","status-publish","format-standard","has-post-thumbnail","hentry","category-grad-slatina","category-naslovnica"],"_links":{"self":[{"href":"https:\/\/www.slatina.hr\/portal\/wp-json\/wp\/v2\/posts\/103579","targetHints":{"allow":["GET"]}}],"collection":[{"href":"https:\/\/www.slatina.hr\/portal\/wp-json\/wp\/v2\/posts"}],"about":[{"href":"https:\/\/www.slatina.hr\/portal\/wp-json\/wp\/v2\/types\/post"}],"author":[{"embeddable":true,"href":"https:\/\/www.slatina.hr\/portal\/wp-json\/wp\/v2\/users\/5"}],"replies":[{"embeddable":true,"href":"https:\/\/www.slatina.hr\/portal\/wp-json\/wp\/v2\/comments?post=103579"}],"version-history":[{"count":1,"href":"https:\/\/www.slatina.hr\/portal\/wp-json\/wp\/v2\/posts\/103579\/revisions"}],"predecessor-version":[{"id":103588,"href":"https:\/\/www.slatina.hr\/portal\/wp-json\/wp\/v2\/posts\/103579\/revisions\/103588"}],"wp:featuredmedia":[{"embeddable":true,"href":"https:\/\/www.slatina.hr\/portal\/wp-json\/wp\/v2\/media\/103587"}],"wp:attachment":[{"href":"https:\/\/www.slatina.hr\/portal\/wp-json\/wp\/v2\/media?parent=103579"}],"wp:term":[{"taxonomy":"category","embeddable":true,"href":"https:\/\/www.slatina.hr\/portal\/wp-json\/wp\/v2\/categories?post=103579"},{"taxonomy":"post_tag","embeddable":true,"href":"https:\/\/www.slatina.hr\/portal\/wp-json\/wp\/v2\/tags?post=103579"}],"curies":[{"name":"wp","href":"https:\/\/api.w.org\/{rel}","templated":true}]}}