{"id":103206,"date":"2020-12-24T11:42:04","date_gmt":"2020-12-24T10:42:04","guid":{"rendered":"https:\/\/www.slatina.hr\/portal\/?p=103206"},"modified":"2020-12-24T11:42:04","modified_gmt":"2020-12-24T10:42:04","slug":"u-slatinskoj-gradskoj-upravi-odrzan-blagdanski-prijem-za-svecenike","status":"publish","type":"post","link":"https:\/\/www.slatina.hr\/portal\/u-slatinskoj-gradskoj-upravi-odrzan-blagdanski-prijem-za-svecenike\/","title":{"rendered":"U slatinskoj Gradskoj upravi odr\u017ean blagdanski prijem za sve\u0107enike"},"content":{"rendered":"<p>Gradona\u010delnik Grada Slatine Denis Ostro\u0161i\u0107 danas je u prigodi nadolaze\u0107eg blagdana Bo\u017ei\u0107a ve\u0107 tradicionalno organizirao prijem za sve\u0107enike \u017eupa Slatinskog dekanata kojemu su prisustvovali \u017eupnici slatinskih \u017eupa sv. Josipa, vl\u010d. Dragan Hrgi\u0107 i bl. Ivana Merza, vl\u010d. Niklola Ju\u0161i\u0107, te \u017eupnik \u017dupe sv. Barbare u Sladojevcima, vl\u010d. Darijo \u0160imi\u0107.<\/p>\n<p>Gradona\u010delnik je ovom prigodom, u nazo\u010dnosti pro\u010delnika Upravnog odjela za razvoj grada Marina Kokori\u0107a, \u017eupnicima prije svega za\u017eelio obilje zdravlja i bo\u017ejeg blagoslova, a oni su slatinskom gradona\u010delniku uzvratili na isti na\u010din i pritom zahvalili na pozivu.<\/p>\n<p>Gradona\u010delnik je pohvalio dosada\u0161nju suradnju sa \u017eupnim uredima i s Po\u017ee\u0161kom biskupijom te naglasio va\u017enost zajedni\u0161tva i bogatstvo duha koje u ovo vrijeme treba i mora biti prisutno. Izraziv\u0161i daljnju potporu Grada Slatine \u017eupama na slatinskom podru\u010dju, istaknuo je kako \u0107e i nadalje zahvaljuju\u0107i slozi i razumijevanju realizirati mnoge zajedni\u010dke projekte, a o provedbi nekih od njih ve\u0107 su dogovoreni budu\u0107i sastanci kako bi se u 2021. godinu zakora\u010dilo vrlo konkretnim koracima i na zadovoljstvo svih \u017eupljana triju \u017eupa s podru\u010dja Grada Slatine.<br \/>\n(www.radioslatina.hr)<\/p>\nngg_shortcode_0_placeholder\n","protected":false},"excerpt":{"rendered":"<p>Gradona\u010delnik Grada Slatine Denis Ostro\u0161i\u0107 danas je u prigodi nadolaze\u0107eg blagdana Bo\u017ei\u0107a ve\u0107 tradicionalno organizirao prijem za sve\u0107enike \u017eupa Slatinskog dekanata kojemu su prisustvovali \u017eupnici<span class=\"excerpt-hellip\"> [\u2026]<\/span><\/p>\n","protected":false},"author":5,"featured_media":103211,"comment_status":"closed","ping_status":"closed","sticky":false,"template":"","format":"standard","meta":{"ngg_post_thumbnail":0,"footnotes":""},"categories":[136,137],"tags":[],"class_list":["post-103206","post","type-post","status-publish","format-standard","has-post-thumbnail","hentry","category-grad-slatina","category-naslovnica"],"_links":{"self":[{"href":"https:\/\/www.slatina.hr\/portal\/wp-json\/wp\/v2\/posts\/103206","targetHints":{"allow":["GET"]}}],"collection":[{"href":"https:\/\/www.slatina.hr\/portal\/wp-json\/wp\/v2\/posts"}],"about":[{"href":"https:\/\/www.slatina.hr\/portal\/wp-json\/wp\/v2\/types\/post"}],"author":[{"embeddable":true,"href":"https:\/\/www.slatina.hr\/portal\/wp-json\/wp\/v2\/users\/5"}],"replies":[{"embeddable":true,"href":"https:\/\/www.slatina.hr\/portal\/wp-json\/wp\/v2\/comments?post=103206"}],"version-history":[{"count":1,"href":"https:\/\/www.slatina.hr\/portal\/wp-json\/wp\/v2\/posts\/103206\/revisions"}],"predecessor-version":[{"id":103212,"href":"https:\/\/www.slatina.hr\/portal\/wp-json\/wp\/v2\/posts\/103206\/revisions\/103212"}],"wp:featuredmedia":[{"embeddable":true,"href":"https:\/\/www.slatina.hr\/portal\/wp-json\/wp\/v2\/media\/103211"}],"wp:attachment":[{"href":"https:\/\/www.slatina.hr\/portal\/wp-json\/wp\/v2\/media?parent=103206"}],"wp:term":[{"taxonomy":"category","embeddable":true,"href":"https:\/\/www.slatina.hr\/portal\/wp-json\/wp\/v2\/categories?post=103206"},{"taxonomy":"post_tag","embeddable":true,"href":"https:\/\/www.slatina.hr\/portal\/wp-json\/wp\/v2\/tags?post=103206"}],"curies":[{"name":"wp","href":"https:\/\/api.w.org\/{rel}","templated":true}]}}