{"id":103203,"date":"2020-12-24T08:30:37","date_gmt":"2020-12-24T07:30:37","guid":{"rendered":"https:\/\/www.slatina.hr\/portal\/?p=103203"},"modified":"2020-12-24T08:30:37","modified_gmt":"2020-12-24T07:30:37","slug":"bozicna-i-novogodisnja-cestitka-gradonacelnika-grada-slatine-denisa-ostrosica","status":"publish","type":"post","link":"https:\/\/www.slatina.hr\/portal\/bozicna-i-novogodisnja-cestitka-gradonacelnika-grada-slatine-denisa-ostrosica\/","title":{"rendered":"Bo\u017ei\u0107na i novogodi\u0161nja \u010destitka gradona\u010delnika Grada Slatine Denisa Ostro\u0161i\u0107a"},"content":{"rendered":"<p>Drage Slatin\u010danke i Slatin\u010dani, dragi mje\u0161tani prigradskih naselja!<\/p>\n<p>Pred nama su najljep\u0161i dani u godini, dani kada slavimo radost Isusovog ro\u0111enja i dolazak otkupitelja svijeta. Radost Bo\u017ei\u0107a i bo\u017ei\u0107ne zvijezde najpotrebnija nam je u ovom vremenu isku\u0161enja, vremenu kada se po\u0161ast koronavirusa ra\u0161irila cijelim svijetom i kada je najva\u017enija obitelj i izmirenje s bli\u017enjima.<\/p>\n<p>Sada nam je nu\u017eno potrebno zajedni\u0161tvo u odgovornosti \u010duvanja i sebe i drugih kako bi nam ponovno stigli dani kada \u0107emo se slobodno mo\u0107i susretati i slaviti ljubav, sre\u0107u, mir, a ponajvi\u0161e zdravlje koje tek kada je ugro\u017eeno po\u010dinjemo istinski cijeniti.<\/p>\n<p>Uz radost Bo\u017ei\u0107a i s bo\u017ei\u0107nom porukom koja nas upu\u0107uje na skromnost i dobrotu, unesimo u dane koji dolaze da\u0161ak vjere i optimizma, pokrenimo pozitivnu energiju i probudimo ljudske vrijednosti u ovom vremenu velikih izazova.<\/p>\n<p>Neka nam Bo\u017ei\u0107 svojim svjetlom obasja put, a srca ispuni ljubavlju i mirom, te nadom i vjerom u bolje sutra, u kojem \u0107emo ponovno \u017eivjeti i nadati se, i osje\u0107ati se bolje. Potaknimo sebe i druge da prema bli\u017enjima budemo i odgovorniji i bolji,&nbsp; prema bolesnima i napu\u0161tenima pravedniji i solidarniji, a kada ovo te\u0161ko vrijeme bude iza nas, svakodnevne izazove rje\u0161avajmo dijalogom, znanjem i marljivim radom za boljitak na\u0161ega grada.<\/p>\n<p>Provedite Bo\u017ei\u0107 u toplini svojih domova, u krugu najbli\u017ee obitelji, u zdravlju i sre\u0107i, nadahnuti dobrotom, darivanjem i me\u0111usobnim po\u0161tovanjem, u mislima sa svim na\u0161im ljudima koji su na prvoj crti obrane od pandemije. Zahvalimo makar lijepom rije\u010dju ohrabrenja na\u0161im zdravstvenim djelatnicima, \u010dlanovima sto\u017eera civilne za\u0161tite i svima onima koji svakodnevno pod te\u0161kim uvjetima obavljaju svoj posao bez obzira na nevidljivu ugrozu koja nam ozbiljno prijeti i dajmo punu podr\u0161ku svima bolesnima te onima u karanteni i samoizolaciji.<\/p>\n<p>Svim gra\u0111anima i ljudima dobre volje, u ime Grada Slatine, svojih zamjenika, suradnika i u svoje osobno ime, \u017eelim blagoslovljen Bo\u017ei\u0107 uz obilje mira, zdravlja i zadovoljstva, te puno sre\u0107e i uspjeha u Novoj 2021. godini!<\/p>\n<p style=\"text-align: right;\">Va\u0161 gradona\u010delnik<\/p>\n<p style=\"text-align: right;\">Denis Ostro\u0161i\u0107<\/p>\n","protected":false},"excerpt":{"rendered":"<p>Drage Slatin\u010danke i Slatin\u010dani, dragi mje\u0161tani prigradskih naselja! Pred nama su najljep\u0161i dani u godini, dani kada slavimo radost Isusovog ro\u0111enja i dolazak otkupitelja svijeta.<span class=\"excerpt-hellip\"> [\u2026]<\/span><\/p>\n","protected":false},"author":5,"featured_media":103204,"comment_status":"closed","ping_status":"closed","sticky":false,"template":"","format":"standard","meta":{"ngg_post_thumbnail":0,"footnotes":""},"categories":[136,137],"tags":[],"class_list":["post-103203","post","type-post","status-publish","format-standard","has-post-thumbnail","hentry","category-grad-slatina","category-naslovnica"],"_links":{"self":[{"href":"https:\/\/www.slatina.hr\/portal\/wp-json\/wp\/v2\/posts\/103203","targetHints":{"allow":["GET"]}}],"collection":[{"href":"https:\/\/www.slatina.hr\/portal\/wp-json\/wp\/v2\/posts"}],"about":[{"href":"https:\/\/www.slatina.hr\/portal\/wp-json\/wp\/v2\/types\/post"}],"author":[{"embeddable":true,"href":"https:\/\/www.slatina.hr\/portal\/wp-json\/wp\/v2\/users\/5"}],"replies":[{"embeddable":true,"href":"https:\/\/www.slatina.hr\/portal\/wp-json\/wp\/v2\/comments?post=103203"}],"version-history":[{"count":1,"href":"https:\/\/www.slatina.hr\/portal\/wp-json\/wp\/v2\/posts\/103203\/revisions"}],"predecessor-version":[{"id":103205,"href":"https:\/\/www.slatina.hr\/portal\/wp-json\/wp\/v2\/posts\/103203\/revisions\/103205"}],"wp:featuredmedia":[{"embeddable":true,"href":"https:\/\/www.slatina.hr\/portal\/wp-json\/wp\/v2\/media\/103204"}],"wp:attachment":[{"href":"https:\/\/www.slatina.hr\/portal\/wp-json\/wp\/v2\/media?parent=103203"}],"wp:term":[{"taxonomy":"category","embeddable":true,"href":"https:\/\/www.slatina.hr\/portal\/wp-json\/wp\/v2\/categories?post=103203"},{"taxonomy":"post_tag","embeddable":true,"href":"https:\/\/www.slatina.hr\/portal\/wp-json\/wp\/v2\/tags?post=103203"}],"curies":[{"name":"wp","href":"https:\/\/api.w.org\/{rel}","templated":true}]}}