{"id":102985,"date":"2020-12-09T13:14:42","date_gmt":"2020-12-09T12:14:42","guid":{"rendered":"https:\/\/www.slatina.hr\/portal\/?p=102985"},"modified":"2020-12-09T13:14:42","modified_gmt":"2020-12-09T12:14:42","slug":"udruga-vretenac-darivala-slatinskog-gradonacelnika-u-prigodi-bozicnih-blagdana","status":"publish","type":"post","link":"https:\/\/www.slatina.hr\/portal\/udruga-vretenac-darivala-slatinskog-gradonacelnika-u-prigodi-bozicnih-blagdana\/","title":{"rendered":"Udruga Vretenac darivala slatinskog gradona\u010delnika u prigodi bo\u017ei\u0107nih blagdana"},"content":{"rendered":"<p>Bo\u017ei\u0107no vrijeme najljep\u0161e je i \u010dlanovima slatinske Udruge osoba s intelektualnim te\u0161ko\u0107ama Vretenac koji su se uz pomo\u0107 svojih mama i rehabilitatorica dobro pripremili i ove godine za nadolaze\u0107e blagdane.<\/p>\n<p>Udruga ve\u0107 nekoliko godina uveseljava svoje sugra\u0111ane prigodnim bo\u017ei\u0107nim ukrasima koji su ove godine nastali na radionicama mama \u010dlanova Udruge. Njihove zlata vrijedne ruke izradile su adventske vijence, bori\u0107e, ukrasne vjen\u010di\u0107e\u2026 koji su izlo\u017eeni na ve\u0107 tradicionalnom, tre\u0107em po redu \u201eBo\u017ei\u0107nom \u0161tandu\u201c u centru Slatine.<\/p>\n<p>Svojim su radovima razveselili i slatinskog gradona\u010delnika Denisa Ostro\u0161i\u0107a kojemu su darovali nekoliko bo\u017ei\u0107nih ukrasa. \u010cestitaju\u0107i mu sretan Bo\u017ei\u0107 i uspje\u0161nu Novu 2021. godinu ujedno su se zahvalili na izuzetnoj suradnji Udruge Vretenac i Grada Slatine tijekom cijele godine, a koju je gradona\u010delnik, uzvrativ\u0161i \u010destitke, najavio i u narednom razdoblju.<br \/>\n(www.radioslatina.hr)<\/p>\n<p><img loading=\"lazy\" decoding=\"async\" class=\"size-full wp-image-102986 aligncenter\" src=\"https:\/\/www.slatina.hr\/portal\/wp-content\/uploads\/2020\/12\/IMG_1089_512x768.jpg\" alt=\"\" width=\"512\" height=\"768\" srcset=\"https:\/\/www.slatina.hr\/portal\/wp-content\/uploads\/2020\/12\/IMG_1089_512x768.jpg 512w, https:\/\/www.slatina.hr\/portal\/wp-content\/uploads\/2020\/12\/IMG_1089_512x768-97x146.jpg 97w, https:\/\/www.slatina.hr\/portal\/wp-content\/uploads\/2020\/12\/IMG_1089_512x768-33x50.jpg 33w, https:\/\/www.slatina.hr\/portal\/wp-content\/uploads\/2020\/12\/IMG_1089_512x768-50x75.jpg 50w, https:\/\/www.slatina.hr\/portal\/wp-content\/uploads\/2020\/12\/IMG_1089_512x768-500x750.jpg 500w\" sizes=\"auto, (max-width:767px) 480px, 512px\" \/><\/p>\n","protected":false},"excerpt":{"rendered":"<p>Bo\u017ei\u0107no vrijeme najljep\u0161e je i \u010dlanovima slatinske Udruge osoba s intelektualnim te\u0161ko\u0107ama Vretenac koji su se uz pomo\u0107 svojih mama i rehabilitatorica dobro pripremili i<span class=\"excerpt-hellip\"> [\u2026]<\/span><\/p>\n","protected":false},"author":5,"featured_media":102987,"comment_status":"closed","ping_status":"closed","sticky":false,"template":"","format":"standard","meta":{"ngg_post_thumbnail":0,"footnotes":""},"categories":[136,137],"tags":[],"class_list":["post-102985","post","type-post","status-publish","format-standard","has-post-thumbnail","hentry","category-grad-slatina","category-naslovnica"],"_links":{"self":[{"href":"https:\/\/www.slatina.hr\/portal\/wp-json\/wp\/v2\/posts\/102985","targetHints":{"allow":["GET"]}}],"collection":[{"href":"https:\/\/www.slatina.hr\/portal\/wp-json\/wp\/v2\/posts"}],"about":[{"href":"https:\/\/www.slatina.hr\/portal\/wp-json\/wp\/v2\/types\/post"}],"author":[{"embeddable":true,"href":"https:\/\/www.slatina.hr\/portal\/wp-json\/wp\/v2\/users\/5"}],"replies":[{"embeddable":true,"href":"https:\/\/www.slatina.hr\/portal\/wp-json\/wp\/v2\/comments?post=102985"}],"version-history":[{"count":1,"href":"https:\/\/www.slatina.hr\/portal\/wp-json\/wp\/v2\/posts\/102985\/revisions"}],"predecessor-version":[{"id":102988,"href":"https:\/\/www.slatina.hr\/portal\/wp-json\/wp\/v2\/posts\/102985\/revisions\/102988"}],"wp:featuredmedia":[{"embeddable":true,"href":"https:\/\/www.slatina.hr\/portal\/wp-json\/wp\/v2\/media\/102987"}],"wp:attachment":[{"href":"https:\/\/www.slatina.hr\/portal\/wp-json\/wp\/v2\/media?parent=102985"}],"wp:term":[{"taxonomy":"category","embeddable":true,"href":"https:\/\/www.slatina.hr\/portal\/wp-json\/wp\/v2\/categories?post=102985"},{"taxonomy":"post_tag","embeddable":true,"href":"https:\/\/www.slatina.hr\/portal\/wp-json\/wp\/v2\/tags?post=102985"}],"curies":[{"name":"wp","href":"https:\/\/api.w.org\/{rel}","templated":true}]}}