{"id":101874,"date":"2020-10-05T16:28:50","date_gmt":"2020-10-05T14:28:50","guid":{"rendered":"https:\/\/www.slatina.hr\/portal\/?p=101874"},"modified":"2020-10-05T16:28:50","modified_gmt":"2020-10-05T14:28:50","slug":"tika-turska-agencija-za-suradnju-i-koordinaciju-i-grad-slatina-nastavljaju-suradnju","status":"publish","type":"post","link":"https:\/\/www.slatina.hr\/portal\/tika-turska-agencija-za-suradnju-i-koordinaciju-i-grad-slatina-nastavljaju-suradnju\/","title":{"rendered":"TIKA-Turska agencija za suradnju i koordinaciju i Grad Slatina nastavljaju suradnju"},"content":{"rendered":"<p style=\"text-align: center;\">Nastupni posjet gradona\u010delnika Grada Slatine Denisa Ostro\u0161i\u0107a novoimenovanoj koordinatorici programsko-koordinacijskog ureda Turske agencije za suradnju i koordinaciju Sedef Bulut<\/p>\n<div class=\"clear\">\n<hr \/>\n<\/div>\n<p>U \u010detvrtak, 24. rujna 2020. u zagreba\u010dkom uredu Turske agenc\u0131je za suradnju i koordinaciju odr\u017ean je sastanak izme\u0111u koordinatorice TIKA-e Sedef Bulut i gradona\u010delnika Grada Slatine Denisa Ostro\u0161i\u0107a.<\/p>\n<p>Suradnja izme\u0111u Grada Slatine i TIKA-e je zapo\u010dela posjetom delegacije TIKA-e Zavi\u010dajnom muzeju Slatina u velja\u010di 2018. godine, a nastavljena je organizacijom Dana turske kulture u Slatini u travnju iste godine. Tom je prilikom iskazana velika \u017eelja obiju strana da Dani turske kulture u Slatini postanu tradicija i mjesto okupljanja i dru\u017eenja uz tjedan turskog filma, prezentacije putopisa, izlo\u017ebe fotografija i u\u017eivanja u turskoj gastronomiji.<\/p>\n<p>Gradona\u010delnik Ostro\u0161i\u0107 je tijekom svog nastupnog posjeta upoznao koordinatoricu Bulut sa svim ljepotama i prednostima \u017eivota u Slatini, aktivnostima Grada za vrijeme korona krize te najavio velike projekte u Slatini od kojih su neki ve\u0107 u fazi implementacije.<\/p>\n<p>Razgovaralo se o projektu kampusa koji je polazi\u0161na to\u010dka za daljnji razvoj Slatine. Naime, taj projekt ima za cilj privu\u0107i mlade ponudom stru\u010dnih programa za zanimanja za koja se ne mogu usavr\u0161avati u susjednim gradovima, ali i ponuditi iste i\/ili sli\u010dne programe. Time bi Slatina postala studentski grad izvrsnosti i konkurentnosti i privukla daljnja ulaganja u sektor obrazovanja u godinama koje dolaze. Upravo koroz projekt \u201eKampus\u201c Slatina vidi jo\u0161 jednu mogu\u0107nost suradnje s TIKA-om. Koordinatorica Bulut povukla je paralelu s turskim gradom Eski\u015fehirom koji je grad mladih, znanosti i izvrsnosti te zamolila gradona\u010delnika Ostro\u0161i\u0107a da je informira o budu\u0107im fazama projekta.<\/p>\n<p>Razvojem industrijske zone u Slatini, predvi\u0111a se otvaranje novih radnih mjesta, a time i zadr\u017eavanje mladih obitelji u gradu, kao i sve ve\u0107i priljev mladih obitelji iz okolice. Gradona\u010delnik Ostro\u0161i\u0107 se pohvalio i potporama usmjerenim mladim obiteljima u smislu isplate jednokratne pomo\u0107i za novoro\u0111enu djecu, ali i ostalim beneficijama prilikom kupovanja nekretnina. Planskim ulaganjima u kvalitetu obrazovanja, zapo\u0161ljavanja i stanovanja, Ostro\u0161i\u0107 vjeruje da \u0107e Slatina postati izbor mnogih za \u017eivot.<\/p>\n<p>Razgovaralo se i o statusu dvaju prijavljenih projekata: Donaciji Zavi\u010dajnom muzeju Slatine u svrhu pobolj\u0161anja pojedinih dijelova postava muzeja te pomo\u0107 u nabavi nove multimedije, kao i pomo\u0107 DV Zeko Slatina u vidu opremanja logopedskog kabineta. Koordinatorica Bulut obe\u0107ala je ve\u0107i anga\u017eman TIKA-e u poku\u0161aju implementacije projekata u mjesecima koji dolaze.<\/p>\n<p>osjet je zavr\u0161io prigodnim darivanjem u sklopu kojega je gradona\u010delnik Ostro\u0161i\u0107 uputio poziv koordinatorici Bulut da svojim prisustvom uveli\u010da Me\u0111unarodni glazbeni festival \u201eDani Milka Kelemana\u201c koji \u0107e se odr\u017eati od 8.-18. listopada 2020.<br \/>\n(www.radioslatina.hr)<\/p>\n<p><img loading=\"lazy\" decoding=\"async\" class=\"size-full wp-image-101875 aligncenter\" src=\"https:\/\/www.slatina.hr\/portal\/wp-content\/uploads\/2020\/10\/Tika.jpg\" alt=\"\" width=\"542\" height=\"407\" srcset=\"https:\/\/www.slatina.hr\/portal\/wp-content\/uploads\/2020\/10\/Tika.jpg 542w, https:\/\/www.slatina.hr\/portal\/wp-content\/uploads\/2020\/10\/Tika-194x146.jpg 194w, https:\/\/www.slatina.hr\/portal\/wp-content\/uploads\/2020\/10\/Tika-50x38.jpg 50w, https:\/\/www.slatina.hr\/portal\/wp-content\/uploads\/2020\/10\/Tika-100x75.jpg 100w\" sizes=\"auto, (max-width:767px) 480px, 542px\" \/><\/p>\n","protected":false},"excerpt":{"rendered":"<p>Nastupni posjet gradona\u010delnika Grada Slatine Denisa Ostro\u0161i\u0107a novoimenovanoj koordinatorici programsko-koordinacijskog ureda Turske agencije za suradnju i koordinaciju Sedef Bulut U \u010detvrtak, 24. rujna 2020. u<span class=\"excerpt-hellip\"> [\u2026]<\/span><\/p>\n","protected":false},"author":5,"featured_media":101876,"comment_status":"open","ping_status":"open","sticky":false,"template":"","format":"standard","meta":{"ngg_post_thumbnail":0,"footnotes":""},"categories":[136,137],"tags":[],"class_list":["post-101874","post","type-post","status-publish","format-standard","has-post-thumbnail","hentry","category-grad-slatina","category-naslovnica"],"_links":{"self":[{"href":"https:\/\/www.slatina.hr\/portal\/wp-json\/wp\/v2\/posts\/101874","targetHints":{"allow":["GET"]}}],"collection":[{"href":"https:\/\/www.slatina.hr\/portal\/wp-json\/wp\/v2\/posts"}],"about":[{"href":"https:\/\/www.slatina.hr\/portal\/wp-json\/wp\/v2\/types\/post"}],"author":[{"embeddable":true,"href":"https:\/\/www.slatina.hr\/portal\/wp-json\/wp\/v2\/users\/5"}],"replies":[{"embeddable":true,"href":"https:\/\/www.slatina.hr\/portal\/wp-json\/wp\/v2\/comments?post=101874"}],"version-history":[{"count":1,"href":"https:\/\/www.slatina.hr\/portal\/wp-json\/wp\/v2\/posts\/101874\/revisions"}],"predecessor-version":[{"id":101877,"href":"https:\/\/www.slatina.hr\/portal\/wp-json\/wp\/v2\/posts\/101874\/revisions\/101877"}],"wp:featuredmedia":[{"embeddable":true,"href":"https:\/\/www.slatina.hr\/portal\/wp-json\/wp\/v2\/media\/101876"}],"wp:attachment":[{"href":"https:\/\/www.slatina.hr\/portal\/wp-json\/wp\/v2\/media?parent=101874"}],"wp:term":[{"taxonomy":"category","embeddable":true,"href":"https:\/\/www.slatina.hr\/portal\/wp-json\/wp\/v2\/categories?post=101874"},{"taxonomy":"post_tag","embeddable":true,"href":"https:\/\/www.slatina.hr\/portal\/wp-json\/wp\/v2\/tags?post=101874"}],"curies":[{"name":"wp","href":"https:\/\/api.w.org\/{rel}","templated":true}]}}