{"id":100336,"date":"2020-03-30T12:51:11","date_gmt":"2020-03-30T10:51:11","guid":{"rendered":"https:\/\/www.slatina.hr\/portal\/?p=100336"},"modified":"2020-03-30T12:51:11","modified_gmt":"2020-03-30T10:51:11","slug":"26-medunarodni-glazbeni-festival-dani-milka-kelemena-od-6-do-18-listopada","status":"publish","type":"post","link":"https:\/\/www.slatina.hr\/portal\/26-medunarodni-glazbeni-festival-dani-milka-kelemena-od-6-do-18-listopada\/","title":{"rendered":"26. Me\u0111unarodni glazbeni festival Dani Milka Kelemena od 6. do 18. listopada"},"content":{"rendered":"<p>Danas, 30. o\u017eujka u spomen na datum ro\u0111enja maestra Milka Kelemena u Slatini je trebalo biti odr\u017eano javno predstavljanje programa 26.\u00a0Me\u0111unarodnog glazbenog festivala Dani Milka Kelemena, no zbog novonastale situacije vezane za koronavirus, te pridr\u017eavanja uvedene mjere Nacionalnog sto\u017eera civilne za\u0161tite o zabrani javnih okupljanja s ciljem sprje\u010davanja \u0161irenja virusa COVID-19, predsjednik Festivalskog odbora DMK Antonio Brzica program za nadolaze\u0107i festival medijima je uputio putem elektroni\u010dke po\u0161te.<\/p>\n<p>Iz istog razloga otkazan (odgo\u0111en) je i predprogram u sklopu kojega je bilo zami\u0161ljeno da se u svakom mjesecu tijekom cijele godine koncertom ili nekim drugim kulturnim doga\u0111anjem najavi glavni program DMK u listopadu.<\/p>\n<p>Ovogodi\u0161nji Festival DMK odr\u017eat \u0107e se od 6. do 18. listopada, a na sve\u010danom otvorenju u utorak 6. listopada u kino dvorani Pu\u010dkog otvorenog u\u010dili\u0161ta od 19,00 sati nastupit \u0107e Moskovski ansambl za suvremenu glazbu.<\/p>\n<p>Kako je Me\u0111unarodni glazbeni festival Dani Milka Kelemena tijekom 25 godina trajanja, postao jednim od najzna\u010dajnijih umjetni\u010dkih doga\u0111anja u Hrvatskoj i koji je svoje mjesto na\u0161ao u rasporedu nastupanja vrhunskih hrvatskih i svjetskih glazbenika, a svojom kvalitetom postavio ljestvicu vrlo visoko, i ove \u0107e godine publika mo\u0107i u\u017eivati u izrazito kvalitetnom programu.<\/p>\n<p>Tako \u0107e u glazbenom djelu programa nastupiti i Kvartet Papandopulo, Katedralni zbor Chorus Angelicus iz Vara\u017edina, Guda\u010dki kvartet Sebastian, Mladi virtuozi &#8211; pobjednici 9. Papandopulo natjecanja, te Matija Dedi\u0107, Zvjezdan Ru\u017ei\u0107 i Goran Kon\u010dar koji pripremaju program naziva \u201eKelemen i Jazz\u201c.<br \/>\nU sklopu Gastro ve\u010dere \u201e Kelemenova d\/jela\u201c gostovat \u0107e Nina Kralji\u0107, ansambl studenata Muzi\u010dke akademije za novu glazbu, ASMANGU predstavit \u0107e \u201cSkladateljski portret Stanka Horvata\u201c, a priprema se i Opera Pannonica-G. Puccini: Gianni Schicchi.<\/p>\n<p>Uz tradicionalnu izlo\u017ebu u Zavi\u010dajnom muzeju i Okrugli stol \u201cKelemen kao u\u010ditelj i pedagog\u201d koji priprema Ogranak Matice hrvatske u Slatini, jedna od zanimljivosti u sklopu programa bit \u0107e i baletna predstava, M. Kelemen: Balet der Spiegel koju priprema HNK Osijek.<\/p>\n<p>Na zatvaranju Festivala 18. listopada nastupit \u0107e Cantus ansambl s programom Foreti\u0107 vs. Kelemen.<\/p>\n<p>Podsjetimo, Me\u0111unarodni glazbeni festival Dani Milka Kelemena ima ulogu promoviranja lika i djela Milka Kelemena, njegove glazbe te glazbe skladatelja svih povijesnih razdoblja i ostale umjetnosti vezane uz boju i pokret, a odr\u017eava se svake godine u listopadu.<\/p>\n<p>Pro\u0161le je godine Sporazumom o suradnji oko organizacije Me\u0111unarodnog glazbenog festivala Dani Milka Kelemena utana\u010deno da je organizator Festivala Glazbena \u0161kola Milka Kelemena, a ravnatelj \u0161kole Antonio Brzica predsjednik Festivalskog odbora, dok je njegov zamjenik Hrvoje Felbar.<\/p>\n<p>Festivalski odbor \u010dine: Viroviti\u010dko-podravska \u017eupanija, zamjenik \u017eupana Darko \u017du\u017eak, Grad Slatina, gradona\u010delnik Denis Ostro\u0161i\u0107, Hrvatsko dru\u0161tvo skladatelja, prof. Berislav \u0160ipu\u0161, Hrvatski glazbeni savez Unison, prof. Goran Kon\u010dar, Udruga stvaratelja u kulturi &#8220;Dani Milka Kelemena&#8221; Slatina, Hrvoje Felbar, Glazbena \u0161kola Milka Kelemena, ravnatelj Antonio Brzica, Zavi\u010dajni muzej Slatina, v. d. ravnatelja Sr\u0111an \u0110uri\u010di\u0107, Pu\u010dko otvoreno u\u010dili\u0161te Slatina, ravnateljica Danijela Fabric Fabijanac, Ogranak Matice Hrvatske Slatina, predsjednica Zorica Varga, Turisti\u010dka zajednica grada Slatine, direktor Ureda Jurica Bosak i Slatinski informativni centar, direktor Robert Turkalj.<\/p>\n<p>Programsko vije\u0107e \u010dine: Berislav \u0160ipu\u0161, prof., Goran Kon\u010dar, prof., Zdravko \u0160ljivac, prof., Antonio Brzica, mag. mus. i Jadranka Srdo\u010d, po\u010dasna predsjednica. <strong>\u00a0<\/strong><\/p>\n<p>Ovim putem predsjednik Festivalskog odbora DMK Antonio Brzica zahvalio se svima koji sudjelovali u kreiranju programa ovogodi\u0161njeg 26.\u00a0po redu Me\u0111unarodnog glazbenog festivala Dani Milka Kelemena te pozvao Slatin\u010dane i ostalu zainteresiranu publiku da se u listopadu odazovu programima \u010diji \u0107e detalji biti predstavljeni uo\u010di samog festivala.<br \/>\n(www.radioslatina.hr)<\/p>\n<p><a href=\"https:\/\/www.slatina.hr\/portal\/wp-content\/uploads\/2020\/03\/Dani-Milka-Kelemena-Program-2020..doc\">Dani Milka Kelemena &#8211; Program 2020.<\/a><\/p>\n","protected":false},"excerpt":{"rendered":"<p>Danas, 30. o\u017eujka u spomen na datum ro\u0111enja maestra Milka Kelemena u Slatini je trebalo biti odr\u017eano javno predstavljanje programa 26.\u00a0Me\u0111unarodnog glazbenog festivala Dani Milka<span class=\"excerpt-hellip\"> [\u2026]<\/span><\/p>\n","protected":false},"author":5,"featured_media":100338,"comment_status":"open","ping_status":"open","sticky":false,"template":"","format":"standard","meta":{"ngg_post_thumbnail":0,"footnotes":""},"categories":[136,137],"tags":[],"class_list":["post-100336","post","type-post","status-publish","format-standard","has-post-thumbnail","hentry","category-grad-slatina","category-naslovnica"],"_links":{"self":[{"href":"https:\/\/www.slatina.hr\/portal\/wp-json\/wp\/v2\/posts\/100336","targetHints":{"allow":["GET"]}}],"collection":[{"href":"https:\/\/www.slatina.hr\/portal\/wp-json\/wp\/v2\/posts"}],"about":[{"href":"https:\/\/www.slatina.hr\/portal\/wp-json\/wp\/v2\/types\/post"}],"author":[{"embeddable":true,"href":"https:\/\/www.slatina.hr\/portal\/wp-json\/wp\/v2\/users\/5"}],"replies":[{"embeddable":true,"href":"https:\/\/www.slatina.hr\/portal\/wp-json\/wp\/v2\/comments?post=100336"}],"version-history":[{"count":1,"href":"https:\/\/www.slatina.hr\/portal\/wp-json\/wp\/v2\/posts\/100336\/revisions"}],"predecessor-version":[{"id":100339,"href":"https:\/\/www.slatina.hr\/portal\/wp-json\/wp\/v2\/posts\/100336\/revisions\/100339"}],"wp:featuredmedia":[{"embeddable":true,"href":"https:\/\/www.slatina.hr\/portal\/wp-json\/wp\/v2\/media\/100338"}],"wp:attachment":[{"href":"https:\/\/www.slatina.hr\/portal\/wp-json\/wp\/v2\/media?parent=100336"}],"wp:term":[{"taxonomy":"category","embeddable":true,"href":"https:\/\/www.slatina.hr\/portal\/wp-json\/wp\/v2\/categories?post=100336"},{"taxonomy":"post_tag","embeddable":true,"href":"https:\/\/www.slatina.hr\/portal\/wp-json\/wp\/v2\/tags?post=100336"}],"curies":[{"name":"wp","href":"https:\/\/api.w.org\/{rel}","templated":true}]}}