{"id":100291,"date":"2020-03-23T15:19:21","date_gmt":"2020-03-23T14:19:21","guid":{"rendered":"https:\/\/www.slatina.hr\/portal\/?p=100291"},"modified":"2020-03-23T15:19:21","modified_gmt":"2020-03-23T14:19:21","slug":"stozer-cz-grada-slatine-pojacava-nadzor-provedbe-mjera-vezanih-za-virus-covid-19","status":"publish","type":"post","link":"https:\/\/www.slatina.hr\/portal\/stozer-cz-grada-slatine-pojacava-nadzor-provedbe-mjera-vezanih-za-virus-covid-19\/","title":{"rendered":"Sto\u017eer CZ Grada Slatine poja\u010dava nadzor provedbe mjera vezanih za virus COVID-19"},"content":{"rendered":"<p>Sto\u017eer Civilne za\u0161tite Grada Slatine poja\u010dava nadzor provedbe mjera vezanih za virus COVID-19, od mjere ograni\u010davanja dru\u0161tvenih okupljanja, rada u trgovini, uslu\u017enih djelatnosti te odr\u017eavanja sportskih i kulturnih doga\u0111anja, sve do najnovije mjere zabrane napu\u0161tanja mjesta prebivali\u0161ta i stalnog boravka.<\/p>\n<p>\u010clanovi slatinskog Sto\u017eera civilne za\u0161tite tako \u0107e ujediniti snage s policijskim slu\u017ebenicima te pomo\u0107i u nadzoru i provedbi najnovijih mjera donesenih od strane Nacionalnog sto\u017eera civilne za\u0161tite i Vlade RH s ciljem smanjenja mogu\u0107nosti daljnjeg \u0161irenja bolesti.<\/p>\n<p>Sto\u017eer civilne za\u0161tite Grada Slatine ujedno moli sve gra\u0111ane grada Slatine da po\u0161tuju zabranu napu\u0161tanja mjesta prebivali\u0161ta i stalnog boravka osim u iznimnim slu\u010dajevima navedenim u Odluci Sto\u017eera civilne za\u0161tite Republike Hrvatske od 23. o\u017eujka 2020. g.<br \/>\n(www.radioslatina.hr)<\/p>\n<p><img loading=\"lazy\" decoding=\"async\" class=\"alignnone size-full wp-image-100292\" src=\"https:\/\/www.slatina.hr\/portal\/wp-content\/uploads\/2020\/03\/IMG_1161_1024x683.jpg\" alt=\"\" width=\"1024\" height=\"683\" srcset=\"https:\/\/www.slatina.hr\/portal\/wp-content\/uploads\/2020\/03\/IMG_1161_1024x683.jpg 1024w, https:\/\/www.slatina.hr\/portal\/wp-content\/uploads\/2020\/03\/IMG_1161_1024x683-768x512.jpg 768w, https:\/\/www.slatina.hr\/portal\/wp-content\/uploads\/2020\/03\/IMG_1161_1024x683-219x146.jpg 219w, https:\/\/www.slatina.hr\/portal\/wp-content\/uploads\/2020\/03\/IMG_1161_1024x683-50x33.jpg 50w, https:\/\/www.slatina.hr\/portal\/wp-content\/uploads\/2020\/03\/IMG_1161_1024x683-112x75.jpg 112w, https:\/\/www.slatina.hr\/portal\/wp-content\/uploads\/2020\/03\/IMG_1161_1024x683-620x414.jpg 620w\" sizes=\"auto, (max-width:767px) 480px, (max-width:1024px) 100vw, 1024px\" \/> <img loading=\"lazy\" decoding=\"async\" class=\"alignnone size-medium wp-image-100293\" src=\"https:\/\/www.slatina.hr\/portal\/wp-content\/uploads\/2020\/03\/IMG_1169_1024x683.jpg\" alt=\"\" width=\"1024\" height=\"683\" srcset=\"https:\/\/www.slatina.hr\/portal\/wp-content\/uploads\/2020\/03\/IMG_1169_1024x683.jpg 1024w, https:\/\/www.slatina.hr\/portal\/wp-content\/uploads\/2020\/03\/IMG_1169_1024x683-768x512.jpg 768w, https:\/\/www.slatina.hr\/portal\/wp-content\/uploads\/2020\/03\/IMG_1169_1024x683-219x146.jpg 219w, https:\/\/www.slatina.hr\/portal\/wp-content\/uploads\/2020\/03\/IMG_1169_1024x683-50x33.jpg 50w, https:\/\/www.slatina.hr\/portal\/wp-content\/uploads\/2020\/03\/IMG_1169_1024x683-112x75.jpg 112w, https:\/\/www.slatina.hr\/portal\/wp-content\/uploads\/2020\/03\/IMG_1169_1024x683-620x414.jpg 620w\" sizes=\"auto, (max-width:767px) 480px, (max-width:1024px) 100vw, 1024px\" \/><\/p>\n","protected":false},"excerpt":{"rendered":"<p>Sto\u017eer Civilne za\u0161tite Grada Slatine poja\u010dava nadzor provedbe mjera vezanih za virus COVID-19, od mjere ograni\u010davanja dru\u0161tvenih okupljanja, rada u trgovini, uslu\u017enih djelatnosti te odr\u017eavanja<span class=\"excerpt-hellip\"> [\u2026]<\/span><\/p>\n","protected":false},"author":5,"featured_media":100294,"comment_status":"open","ping_status":"open","sticky":false,"template":"","format":"standard","meta":{"ngg_post_thumbnail":0,"footnotes":""},"categories":[136,137],"tags":[],"class_list":["post-100291","post","type-post","status-publish","format-standard","has-post-thumbnail","hentry","category-grad-slatina","category-naslovnica"],"_links":{"self":[{"href":"https:\/\/www.slatina.hr\/portal\/wp-json\/wp\/v2\/posts\/100291","targetHints":{"allow":["GET"]}}],"collection":[{"href":"https:\/\/www.slatina.hr\/portal\/wp-json\/wp\/v2\/posts"}],"about":[{"href":"https:\/\/www.slatina.hr\/portal\/wp-json\/wp\/v2\/types\/post"}],"author":[{"embeddable":true,"href":"https:\/\/www.slatina.hr\/portal\/wp-json\/wp\/v2\/users\/5"}],"replies":[{"embeddable":true,"href":"https:\/\/www.slatina.hr\/portal\/wp-json\/wp\/v2\/comments?post=100291"}],"version-history":[{"count":1,"href":"https:\/\/www.slatina.hr\/portal\/wp-json\/wp\/v2\/posts\/100291\/revisions"}],"predecessor-version":[{"id":100295,"href":"https:\/\/www.slatina.hr\/portal\/wp-json\/wp\/v2\/posts\/100291\/revisions\/100295"}],"wp:featuredmedia":[{"embeddable":true,"href":"https:\/\/www.slatina.hr\/portal\/wp-json\/wp\/v2\/media\/100294"}],"wp:attachment":[{"href":"https:\/\/www.slatina.hr\/portal\/wp-json\/wp\/v2\/media?parent=100291"}],"wp:term":[{"taxonomy":"category","embeddable":true,"href":"https:\/\/www.slatina.hr\/portal\/wp-json\/wp\/v2\/categories?post=100291"},{"taxonomy":"post_tag","embeddable":true,"href":"https:\/\/www.slatina.hr\/portal\/wp-json\/wp\/v2\/tags?post=100291"}],"curies":[{"name":"wp","href":"https:\/\/api.w.org\/{rel}","templated":true}]}}